{"id":15710,"date":"2024-02-08T09:00:00","date_gmt":"2024-02-08T08:00:00","guid":{"rendered":"https:\/\/placeplume.com\/?p=15710"},"modified":"2024-10-09T14:51:30","modified_gmt":"2024-10-09T12:51:30","slug":"qualification-mcf-comment-le-cnu-evalue-t-il-ma-candidature","status":"publish","type":"post","link":"https:\/\/placeplume.com\/index.php\/2024\/02\/08\/qualification-mcf-comment-le-cnu-evalue-t-il-ma-candidature\/","title":{"rendered":"Qualification mcf : comment le CNU \u00e9value-t-il ma candidature ?"},"content":{"rendered":"\n<p>Les qualifications MCF sont supprim\u00e9es ? Non, ce n&#8217;est pas pour tout de suite. Alors, quels sont les crit\u00e8res d&#8217;\u00e9valuation ? Ma th\u00e8se aura-t-elle l&#8217;attention qu&#8217;elle m\u00e9rite de la part des rapporteurs ? Le nombre de publications est-il un facteur d\u00e9terminant ? Et que dire de mon exp\u00e9rience d&#8217;enseignement ? Chaque ann\u00e9e, les proc\u00e9dures de qualification des enseignants-chercheurs suscitent leur lot d&#8217;incertitudes et d&#8217;angoisse. Comment le CNU \u00e9value-t-il mon dossier de candidature ? <strong>D\u00e9couvrez tous mes conseils pour pr\u00e9parer votre dossier et sortir du lot !<\/strong><\/p>\n\n\n\n<p>\ud83d\udc49 Click here for the English version of this article.<\/p>\n\n\n\n<h2 class=\"wp-block-heading\">Quel est le r\u00f4le du Conseil National des Universit\u00e9s ?<\/h2>\n\n\n\n<blockquote class=\"wp-block-quote is-style-default has-small-font-size is-layout-flow wp-block-quote-is-layout-flow\">\n<p class=\"has-background has-small-font-size\" style=\"background-color:#fff7f5\">&#8220;<em><em>Le recrutement des enseignants-chercheurs se d\u00e9roule principalement en deux phases :&nbsp;<\/em>la qualification \u00e9tablissant un label de comp\u00e9tences scientifiques pour exercer les fonctions d\u2019enseignant-chercheur et le recrutement qui permet l\u2019acc\u00e8s \u00e0 ces m\u00eames fonctions dans les \u00e9tablissements d\u2019enseignement sup\u00e9rieur&#8221;.<\/em><\/p>\n<cite><a href=\"https:\/\/publication.enseignementsup-recherche.gouv.fr\/eesr\/FR\/T844\/qualification_et_recrutement_des_enseignants_chercheurs\/#:~:text=Des%20modifications%20ont%20%C3%A9t%C3%A9%20r%C3%A9cemment,de%20programmation%20de%20la%20recherche.\" target=\"_blank\" rel=\"noreferrer noopener\">qualification et recrutement des enseignants-chercheurs, n\u00b07 <\/a><\/cite><\/blockquote>\n\n\n\n<p><\/p>\n\n\n\n<h4 class=\"wp-block-heading\">Un r\u00f4le d&#8217;expert dans le recrutement des enseignants-chercheurs<\/h4>\n\n\n\n<p>Gr\u00e2ce aux qualifications, <strong>le CNU supervise la pr\u00e9s\u00e9lection des futurs enseignants-chercheurs<\/strong> en France. Chaque ann\u00e9e, un comit\u00e9 compos\u00e9 de ma\u00eetres de conf\u00e9rences et de professeurs, tous membres du CNU, \u00e9value plusieurs milliers de dossiers. Pour garantir l&#8217;impartialit\u00e9 de l&#8217;\u00e9valuation, deux rapporteurs, charg\u00e9s d&#8217;\u00e9mettre un avis objectif sur chaque dossier, sont d\u00e9sign\u00e9s par candidat. Leurs commentaires ou r\u00e9serves sont ensuite transmis au comit\u00e9 de s\u00e9lection du CNU, qui d\u00e9termine l&#8217;avis final lors de d\u00e9lib\u00e9rations.<\/p>\n\n\n\n<p>Le r\u00f4le du CNU est donc de <strong>certifier &#8220;l&#8217;excellence&#8221; du dossier qualifi\u00e9<\/strong>, ou du moins sa conformit\u00e9 avec leur vision du parfait universitaire. Il r\u00e9alise ainsi une premi\u00e8re validation des candidats \u00e9ligibles au poste de ma\u00eetre de conf\u00e9rences, en s&#8217;assurant de leur ad\u00e9quation avec les crit\u00e8res acad\u00e9miques fran\u00e7ais et les exigences sp\u00e9cifiques de chaque domaine. Grosso modo, ce premier &#8220;tri&#8221; facilite la t\u00e2che du comit\u00e9 universitaire dans la s\u00e9lection de leur futur coll\u00e8gue.<\/p>\n\n\n\n<h4 class=\"wp-block-heading\">Suppression de la qualification pour devenir ma\u00eetre de conf\u00e9rences ?<\/h4>\n\n\n\n<p>Depuis d\u00e9cembre 2020, l&#8217;autorit\u00e9 du CNU a \u00e9t\u00e9 r\u00e9duite dans ce domaine. Avec le passage de la loi pour la programmation de la recherche (LPR) en janvier 2021, <strong>les qualifications aux fonctions de Professeur des universit\u00e9s ont \u00e9t\u00e9 supprim\u00e9es<\/strong> pour les ma\u00eetres de conf\u00e9rences titulaires candidats. D\u00e9sormais, l&#8217;habilitation \u00e0 diriger des recherches ou HDR sera la seule validation demand\u00e9e pour les ma\u00eetres de conf\u00e9rences qui souhaitent devenir professeur.<\/p>\n\n\n\n<p>Pour le moment, la qualification aux fonctions de ma\u00eetres de conf\u00e9rences reste appliqu\u00e9e. Cependant, le recrutement des enseignants-chercheurs \u00e9volue et la question de la suppression des qualifications est actuellement en cours de discussion. <\/p>\n\n\n\n<p><strong>Affaire \u00e0 suivre<\/strong> donc en ce qui concerne le r\u00f4le du CNU&#8230;<\/p>\n\n\n\n<blockquote class=\"wp-block-quote is-style-default has-small-font-size is-layout-flow wp-block-quote-is-layout-flow\">\n<p class=\"has-background has-small-font-size\" style=\"background-color:#fff7f5\">&#8220;Par ailleurs, pour recruter un ma\u00eetre de conf\u00e9rences, une exp\u00e9rimentation est men\u00e9e jusqu&#8217;en septembre 2024 pour d\u00e9roger \u00e0 la qualification. [&#8230;] Le dispositif sera encadr\u00e9 par un d\u00e9cret en Conseil d&#8217;\u00c9tat et une concertation sur le sujet est engag\u00e9e. Evaluation au plus tard le 1er janvier 2025&#8221;<\/p>\n<cite><a href=\"https:\/\/www.enseignementsup-recherche.gouv.fr\/fr\/des-carrieres-plus-attractives-le-recrutement-hors-cnu-45720\" target=\"_blank\" rel=\"noreferrer noopener\">Le recrutement hors Conseil national des universit\u00e9s (CNU)<\/a><\/cite><\/blockquote>\n\n\n\n<p><\/p>\n\n\n\n<h2 class=\"wp-block-heading\">Quels sont les crit\u00e8res d&#8217;\u00e9valuation pour ma th\u00e8se ? <\/h2>\n\n\n\n<p><strong>Votre th\u00e8se est le point nodal de votre dossier<\/strong>, la pi\u00e8ce ma\u00eetresse de votre parcours. Je ne suis pas certaine que les rapporteurs lisent l&#8217;int\u00e9gralit\u00e9 de votre texte, mais ils examineront sans aucun doute votre ligne de conduite, la structure du manuscrit et vos conclusions. Ils s&#8217;int\u00e9resseront \u00e9galement \u00e0 votre probl\u00e9matique de recherche, \u00e0 sa r\u00e9solution et \u00e0 ses lacunes. Et m\u00eame si le volume final de votre manuscrit n&#8217;est pas un indicateur de qualit\u00e9, <strong>le produit final doit \u00eatre le reflet d&#8217;un long investissement m\u00e9thodique.<\/strong><\/p>\n\n\n\n<h4 class=\"wp-block-heading\">Le volume de ma th\u00e8se est-il un crit\u00e8re d&#8217;\u00e9valuation ? <\/h4>\n\n\n\n<blockquote class=\"wp-block-quote is-style-default has-small-font-size is-layout-flow wp-block-quote-is-layout-flow\">\n<p class=\"has-background has-small-font-size\" style=\"background-color:#fff7f5\">Certaines th\u00e8ses pr\u00e9sent\u00e9es s\u2019apparentent tant par leur volume que par leur qualit\u00e9 \u00e0 un m\u00e9moire de Master Recherche plut\u00f4t qu\u2019\u00e0 une recherche doctorale. Si des travaux succincts d\u2019une qualit\u00e9 exceptionnelle peuvent \u00eatre accueillis favorablement, on attend de la majorit\u00e9 des recherches doctorales que <strong>leur volume refl\u00e8te le travail de trois ann\u00e9es.<\/strong><\/p>\n<cite><a href=\"https:\/\/conseil-national-des-universites.fr\/data\/document\/3731\/2646\/Public\/Rapport%20d%20activit%C3%A9s\/Rapport%20session%20CNU%2006%20pour%20la%20qualification%20MCF_MARS2020.pdf\" target=\"_blank\" rel=\"noreferrer noopener\">Rapport sur la qualification aux fonctions de Ma\u00eetre de Conf\u00e9rences, p. 5<\/a><\/cite><\/blockquote>\n\n\n\n<p><\/p>\n\n\n\n<p><strong>Une th\u00e8se r\u00e9alis\u00e9e en moins de trois ans<\/strong> ou d&#8217;un volume inf\u00e9rieur \u00e0 la moyenne peut donc jouer en votre d\u00e9faveur. C&#8217;est la premi\u00e8re et principale r\u00e9alisation de votre dossier. Les crit\u00e8res d&#8217;\u00e9valuation seront rigoureux, et dans un premier temps, les rapporteurs feront abstraction du rapport de soutenance pour juger objectivement votre travail de recherche. \u00c0 l&#8217;issue de l&#8217;\u00e9valuation, si votre th\u00e8se ne satisfait pas aux crit\u00e8res du CNU, il faudra <strong>miser sur la qualit\u00e9 de vos r\u00e9alisations secondaires.<\/strong> Cela sera-t-il suffisant ? Nous allons voir !<\/p>\n\n\n\n<figure class=\"wp-block-image size-large\"><img loading=\"lazy\" decoding=\"async\" width=\"1280\" height=\"720\" src=\"https:\/\/placeplume.com\/wp-content\/uploads\/2024\/01\/image-11-edited.png\" alt=\"\" class=\"wp-image-16973\" srcset=\"https:\/\/placeplume.com\/wp-content\/uploads\/2024\/01\/image-11-edited.png 1280w, https:\/\/placeplume.com\/wp-content\/uploads\/2024\/01\/image-11-edited-300x169.png 300w, https:\/\/placeplume.com\/wp-content\/uploads\/2024\/01\/image-11-edited-1024x576.png 1024w, https:\/\/placeplume.com\/wp-content\/uploads\/2024\/01\/image-11-edited-768x432.png 768w\" sizes=\"auto, (max-width: 1280px) 100vw, 1280px\" \/><\/figure>\n\n\n\n<p><\/p>\n\n\n\n<p>\ud83d\udc49&nbsp;<a href=\"https:\/\/placeplume.com\/wp-content\/uploads\/2024\/01\/relecture_correction_services_professionnels_brochure.jpg\" target=\"_blank\" rel=\"noreferrer noopener\">Vous rencontrez des difficult\u00e9s pour r\u00e9diger votre CV ? Besoin d\u2019une relecture professionnelle pour vos documents acad\u00e9miques ou professionnels ? Ne cherchez plus, travaillons ensemble !<\/a><\/p>\n\n\n\n<h2 class=\"wp-block-heading\">Comment \u00e9viter d&#8217;avoir une th\u00e8se &#8220;s\u00e8che&#8221; ? <\/h2>\n\n\n\n<p>Une th\u00e8se dite &#8220;s\u00e8che&#8221; est <strong>un dossier sans aucune production compl\u00e9mentaire<\/strong>. Ce n&#8217;est pas forc\u00e9ment un drame si votre th\u00e8se est excellente, mais cela ne joue pas \u00e0 votre avantage. L&#8217;absence de production secondaire complique le travail d&#8217;\u00e9valuation des rapporteurs. Ces derniers, ne disposant pas d&#8217;autres exemples de votre travail de recherche, ne peuvent pas <strong>valider son int\u00e9gration aux pr\u00e9occupations r\u00e9centes de votre sp\u00e9cialit\u00e9.<\/strong> C&#8217;est un r\u00e9el probl\u00e8me !<\/p>\n\n\n\n<h4 class=\"wp-block-heading\">Les travaux compl\u00e9mentaires sont-ils obligatoires pour \u00eatre qualifi\u00e9 ? <\/h4>\n\n\n\n<p><\/p>\n\n\n\n<blockquote class=\"wp-block-quote is-style-default has-background has-small-font-size is-layout-flow wp-block-quote-is-layout-flow\" style=\"background-color:#fff7f5\">\n<p class=\"has-small-font-size\">&#8220;Il est donc important que les auteurs ne restent pas dans leur domaine et qu\u2019ils fassent l\u2019effort de <strong>traiter des sujets de notre champ.<\/strong> Des communications dans les grands colloques disciplinaires en gestion sont \u00e9galement un signal <strong>pour exprimer sa volont\u00e9 d\u2019appartenir \u00e0 la communaut\u00e9 des enseignants-chercheurs<\/strong>.&#8221;<\/p>\n<cite><a href=\"https:\/\/conseil-national-des-universites.fr\/data\/document\/3731\/2646\/Public\/Rapport%20d%20activit%C3%A9s\/Rapport%20session%20CNU%2006%20pour%20la%20qualification%20MCF_MARS2020.pdf\" target=\"_blank\" rel=\"noreferrer noopener\">Rapport sur la qualification aux fonctions de Ma\u00eetre de Conf\u00e9rences, p. 5<\/a><\/cite><\/blockquote>\n\n\n\n<p><\/p>\n\n\n\n<p><strong>La liste de vos r\u00e9alisations sert de point de rep\u00e8re.<\/strong> Elle permet de <strong>juger votre rigueur scientifique<\/strong>, votre contribution \u00e0 l&#8217;avanc\u00e9e de la recherche et, en d&#8217;autres termes, d&#8217;illustrer votre niveau d&#8217;implication. Votre l\u00e9gitimit\u00e9 d\u00e9pend ainsi largement de votre participation \u00e0 des colloques de renomm\u00e9e nationale ou internationale. C&#8217;est un enjeu vital, car c&#8217;est l&#8217;une des principales t\u00e2ches de l&#8217;enseignant-chercheur : <strong>faire rayonner l&#8217;universit\u00e9 et la recherche.<\/strong><\/p>\n\n\n\n<h4 class=\"wp-block-heading\">Comment optimiser la visibilit\u00e9 de vos travaux de recherche ?<\/h4>\n\n\n\n<p><strong>Les communications apportent une r\u00e9elle valeur ajout\u00e9e \u00e0 votre dossier.<\/strong> Il est donc important de r\u00e9pondre aux appels \u00e0 contribution afin de rencontrer vos pairs et d&#8217;\u00eatre publi\u00e9 dans des revues de r\u00e9f\u00e9rence. Tous les deux ou trois ans se tient forc\u00e9ment LE colloque &#8220;The place to be&#8221; de votre discipline. Vous devez absolument y participer en tant que communicant, ou, \u00e0 d\u00e9faut, en tant que spectateur. <strong>Il est n\u00e9cessaire de vous montrer<\/strong>, seul ou dans le cadre de projets collectifs ; vous n&#8217;avez pas le choix.<\/p>\n\n\n\n<blockquote class=\"wp-block-quote is-style-default has-small-font-size is-layout-flow wp-block-quote-is-layout-flow\">\n<p class=\"has-background has-small-font-size\" style=\"background-color:#fff7f5\">Il est donc important d\u2019identifier les colloques \u00e0 forte notori\u00e9t\u00e9 dans la discipline de sa recherche. Les communications dans les colloques internationaux constituent un plus. L\u00e0 encore ce sont les colloques ayant la plus forte notori\u00e9t\u00e9 qu\u2019il s\u2019agit de cibler. Multiplier les participations \u00e0 de petits colloques plus sp\u00e9cialis\u00e9s, ou des journ\u00e9es de recherche ne permet pas de pallier l\u2019absence totale de communication de premier plan.<\/p>\n<cite><a href=\"https:\/\/conseil-national-des-universites.fr\/data\/document\/3731\/2646\/Public\/Rapport%20d%20activit%C3%A9s\/Rapport%20session%20CNU%2006%20pour%20la%20qualification%20MCF_MARS2020.pdf\" target=\"_blank\" rel=\"noreferrer noopener\">Rapport sur la qualification aux fonctions de Ma\u00eetre de Conf\u00e9rences, p. 6.<\/a><\/cite><\/blockquote>\n\n\n\n<p><\/p>\n\n\n\n<h4 class=\"wp-block-heading\">Combien de publications faut-il avoir en plus de la th\u00e8se ?<\/h4>\n\n\n\n<p>Malheureusement, il n&#8217;y a pas de r\u00e9ponse standard, car il n\u2019existe pas de quantit\u00e9 minimum ou de standard d\u00e9fini. N\u00e9anmoins, le CNU consid\u00e8re qu&#8217;<strong>avoir une publication dans une revue reconnue est un avantage indiscutable.<\/strong><\/p>\n\n\n\n<p>Une th\u00e8se de qualit\u00e9, accompagn\u00e9e d&#8217;une ou plusieurs communications dans des colloques s\u00e9lectifs, est g\u00e9n\u00e9ralement mieux \u00e9valu\u00e9e. Une th\u00e8se consid\u00e9r\u00e9e comme moyenne doit \u00eatre compl\u00e9t\u00e9e par des travaux significatifs. Pour autant,<strong> le nombre de lacunes peut-il \u00eatre compens\u00e9 par le nombre de publications ?<\/strong> Il faudra, dans ce cas, miser sur vos exp\u00e9riences d&#8217;enseignement et d&#8217;encadrement&#8230;<\/p>\n\n\n\n<h2 class=\"wp-block-heading\">Quels sont les crit\u00e8res concernant l&#8217;enseignement ? <\/h2>\n\n\n\n<p>Tous les candidats doivent avoir une exp\u00e9rience d&#8217;enseignement en France ou \u00e0 l&#8217;\u00e9tranger, m\u00eame sous forme de vacations. <strong>Les crit\u00e8res du CNU \u00e9valueront ensuite leur vari\u00e9t\u00e9 et le niveau<\/strong> : <\/p>\n\n\n\n<blockquote class=\"wp-block-quote is-style-default has-small-font-size is-layout-flow wp-block-quote-is-layout-flow\">\n<p class=\"has-background has-small-font-size\" style=\"background-color:#fff7f5\">[&#8230;] les candidats devront pouvoir enseigner des mati\u00e8res qui peuvent ne pas correspondre n\u00e9cessairement au sujet de leur th\u00e8se. Une exp\u00e9rience p\u00e9dagogique diversifi\u00e9e est donc importante \u00e0 ce titre. Enfin, le CNU appr\u00e9cie que les candidats aient une exp\u00e9rience de l\u2019enseignement \u00e0 diff\u00e9rents niveaux : en licence et master, parfois, en fonction de l\u2019anciennet\u00e9, en master 2. Il est donc recommand\u00e9 aux candidats de donner aussi des indications pr\u00e9cises aussi sur volume horaire correspondant \u00e0 leur exp\u00e9rience p\u00e9dagogique et leur nature (CM, TD, formation initiale, formation en apprentissage, Licence, Ma\u00eetrise, etc.).<\/p>\n<cite><a href=\"https:\/\/conseil-national-des-universites.fr\/data\/document\/3731\/2646\/Public\/Rapport%20d%20activit%C3%A9s\/Rapport%20session%20CNU%2006%20pour%20la%20qualification%20MCF_MARS2020.pdf\">Rapport sur la qualification aux fonctions de Ma\u00eetre de Conf\u00e9rences, p. 8<\/a><\/cite><\/blockquote>\n\n\n\n<p><\/p>\n\n\n\n<p><strong>Votre exp\u00e9rience doit \u00eatre significative <\/strong>et atteindre un certain nombre d&#8217;heures.<strong> <\/strong>Ainsi, une activit\u00e9 p\u00e9dagogique dense et originale peut <strong>contrebalancer un dossier de recherche de qualit\u00e9 moyenne. <\/strong>L&#8217;enseignement est donc l&#8217;un des principaux crit\u00e8res d&#8217;\u00e9valuation, tout comme vos activit\u00e9s de recherche (th\u00e8se + publications) et vos responsabilit\u00e9s administratives.<\/p>\n\n\n\n<h2 class=\"wp-block-heading\">A quoi servent les responsabilit\u00e9s administratives ?<\/h2>\n\n\n\n<p>Rarement r\u00e9mun\u00e9r\u00e9es et chronophages, les t\u00e2ches administratives sont n\u00e9anmoins <strong>un indicateur de votre niveau d&#8217;implication <\/strong>dans le fonctionnement de votre universit\u00e9 et\/ou laboratoire de recherche. Organiser des journ\u00e9es d&#8217;\u00e9tudes, des congr\u00e8s ou des colloques, participer aux r\u00e9unions du laboratoire (prise de notes, r\u00e9daction de comptes-rendus, organisation), contribuer aux activit\u00e9s de r\u00e9vision, \u00eatre repr\u00e9sentant administratif des doctorants, participer \u00e0 des comit\u00e9s de s\u00e9lection&#8230; <\/p>\n\n\n\n<p>Toutes ces t\u00e2ches <strong>d\u00e9montrent votre engagement dans la vie acad\u00e9mique et scientifique.<\/strong> Elles sont consid\u00e9r\u00e9es par le CNU comme <strong>un signe de motivation et de s\u00e9rieux.<\/strong> Elles indiquent le coll\u00e8gues que vous serez. <\/p>\n\n\n\n<h2 class=\"wp-block-heading\">Que dois-je faire si mon dossier est refus\u00e9 ? <\/h2>\n\n\n\n<p>Un refus n&#8217;est pas d\u00e9finitif. N\u00e9anmoins, le CNU recommande au candidat de ne pas r\u00e9essayer l&#8217;ann\u00e9e suivante avec le m\u00eame dossier, car l<strong>es rapporteurs \u00e9valuent les \u00e9volutions du candidat depuis la derni\u00e8re soumission<\/strong>. Il est important de<strong> comprendre les raisons de son \u00e9chec<\/strong> et de travailler sur les aspects \u00e0 am\u00e9liorer avant de soumettre \u00e0 nouveau sa candidature..<\/p>\n\n\n\n<p>Si un candidat essuie deux refus successifs d&#8217;une section du CNU, il peut <strong>saisir le groupe comp\u00e9ten<\/strong>t du CNU. Cette formation se prononce dans les m\u00eames conditions que la section comp\u00e9tente, mais elle <strong>proc\u00e8de cette fois \u00e0 l&#8217;audition des candidats.<\/strong><\/p>\n\n\n\n<figure class=\"wp-block-image size-large\"><img loading=\"lazy\" decoding=\"async\" width=\"1280\" height=\"720\" src=\"https:\/\/placeplume.com\/wp-content\/uploads\/2024\/01\/image-12-edited.png\" alt=\"\" class=\"wp-image-16981\" srcset=\"https:\/\/placeplume.com\/wp-content\/uploads\/2024\/01\/image-12-edited.png 1280w, https:\/\/placeplume.com\/wp-content\/uploads\/2024\/01\/image-12-edited-300x169.png 300w, https:\/\/placeplume.com\/wp-content\/uploads\/2024\/01\/image-12-edited-1024x576.png 1024w, https:\/\/placeplume.com\/wp-content\/uploads\/2024\/01\/image-12-edited-768x432.png 768w\" sizes=\"auto, (max-width: 1280px) 100vw, 1280px\" \/><\/figure>\n\n\n\n<p><\/p>\n\n\n\n<h2 class=\"wp-block-heading\">Conclusion : <\/h2>\n\n\n\n<p>Les crit\u00e8res d&#8217;\u00e9valuation du CNU r\u00e9v\u00e8lent <strong>une dynamique nuanc\u00e9e<\/strong>. Les activit\u00e9s de recherche, d&#8217;enseignement et d&#8217;encadrement sont des piliers incontestables, mais l&#8217;existence de compensations entre les crit\u00e8res ajoute une flexibilit\u00e9 au processus. Ainsi, <strong>des lacunes dans un domaine peuvent \u00eatre \u00e9quilibr\u00e9es par des engagements forts ailleurs. <\/strong>\u00c9vitant tout syst\u00e8me de points, la s\u00e9lection privil\u00e9gie une approche multicrit\u00e8res se traduisant \u00e0 la fin par un binaire &#8220;oui&#8221; ou &#8220;non&#8221;. Les discussions entre membres soulignent tout de m\u00eame <strong>une \u00e9valuation collective<\/strong>, mettant en avant les contributions individuelles dans l&#8217;avanc\u00e9e de la recherche et <strong>reconnaissant la qualit\u00e9 plut\u00f4t que la quantit\u00e9 dans la construction d&#8217;un profil <\/strong>acad\u00e9mique et professionnel.<\/p>\n\n\n\n<p class=\"has-background\" style=\"background-color:#9db9bc\"><\/p>\n\n\n\n<p>\u270f\ufe0f&nbsp;<strong>N\u2019h\u00e9sitez pas \u00e0 partager vos questions dans les commentaires.&nbsp;<\/strong>Je serai ravie de d\u00e9couvrir d\u2019autres pistes pour enrichir cette exploration des qualifications.<\/p>\n\n\n\n<p><a href=\"https:\/\/emojipedia.org\/sparkles\">\u2728<\/a>&nbsp;Envie de poursuivre la lecture ? Je vous invite \u00e0 lire cet article pour approfondir ce sujet :&nbsp;<a href=\"https:\/\/placeplume.com\/index.php\/2021\/07\/01\/vivre-dune-these-en-histoire-de-lart-reves-vs-realite\/\" target=\"_blank\" rel=\"noreferrer noopener\"><\/a><a href=\"https:\/\/placeplume.com\/index.php\/2021\/10\/10\/tout-savoir-sur-les-qualifications-des-maitres-de-conferences\/\"><\/a><a href=\"https:\/\/placeplume.com\/index.php\/2023\/12\/01\/f-a-q-sur-les-qualifications-des-maitres-de-conferences-vos-questions-les-plus-courantes\/\">F.A.Q sur les qualifications des ma\u00eetres de conf\u00e9rences : vos questions les plus courantes<\/a><\/p>\n\n\n\n<p>\ud83d\udc49 Restez connect\u00e9s \u00e0 l\u2019actualit\u00e9 de Place Plume sur Instagram et Facebook, et abonnez-vous \u00e0 la newsletter du blog dans le menu \u00e0 droite de votre \u00e9cran. Vous recevrez toutes mes astuces et mes conseils en r\u00e9daction une fois par mois dans votre bo\u00eete mail.<\/p>\n\n\n\n<figure class=\"wp-block-image size-large\"><img loading=\"lazy\" decoding=\"async\" width=\"1024\" height=\"253\" src=\"https:\/\/placeplume.com\/wp-content\/uploads\/2023\/12\/bandeau-publiscitaire_redaction-3-1024x253.jpg\" alt=\"Cl\u00e9mence Arnault - relectrice, correctrice - placeplume.com - relecture simple ou correction approfondie - m\u00e9moire, th\u00e8se, documents personnels ou professionnels\" class=\"wp-image-16388\" srcset=\"https:\/\/placeplume.com\/wp-content\/uploads\/2023\/12\/bandeau-publiscitaire_redaction-3-1024x253.jpg 1024w, https:\/\/placeplume.com\/wp-content\/uploads\/2023\/12\/bandeau-publiscitaire_redaction-3-300x74.jpg 300w, https:\/\/placeplume.com\/wp-content\/uploads\/2023\/12\/bandeau-publiscitaire_redaction-3-768x190.jpg 768w, https:\/\/placeplume.com\/wp-content\/uploads\/2023\/12\/bandeau-publiscitaire_redaction-3.jpg 1354w\" sizes=\"auto, (max-width: 1024px) 100vw, 1024px\" \/><\/figure>\n\n\n\n<p><\/p>\n","protected":false},"excerpt":{"rendered":"<p>Les qualifications MCF sont supprim\u00e9es ? Non, ce n&#8217;est pas pour tout de suite. Alors, quels sont les crit\u00e8res d&#8217;\u00e9valuation ? Ma th\u00e8se aura-t-elle l&#8217;attention qu&#8217;elle m\u00e9rite de la part des rapporteurs ? Le nombre de publications est-il un facteur d\u00e9terminant ? Et que dire de mon exp\u00e9rience d&#8217;enseignement ? Chaque ann\u00e9e, les proc\u00e9dures de [&hellip;]<\/p>\n","protected":false},"author":2,"featured_media":16958,"comment_status":"open","ping_status":"open","sticky":false,"template":"","format":"standard","meta":{"footnotes":""},"categories":[25],"tags":[],"class_list":["post-15710","post","type-post","status-publish","format-standard","has-post-thumbnail","hentry","category-mes-archives-de-doctorat"],"yoast_head":"<!-- This site is optimized with the Yoast SEO plugin v26.9 - https:\/\/yoast.com\/product\/yoast-seo-wordpress\/ -->\n<title>Qualification mcf : comment le CNU \u00e9value-t-il ma candidature ? - Place plume<\/title>\n<meta name=\"description\" content=\"Comment le CNU \u00e9value-t-il ma candidature ? Comment r\u00e9ussir les qualifications ? D\u00e9couvrez tous mes conseils pour sortir du lot !\" \/>\n<meta name=\"robots\" content=\"index, follow, max-snippet:-1, max-image-preview:large, max-video-preview:-1\" \/>\n<link rel=\"canonical\" href=\"https:\/\/placeplume.com\/index.php\/2024\/02\/08\/qualification-mcf-comment-le-cnu-evalue-t-il-ma-candidature\/\" \/>\n<meta property=\"og:locale\" content=\"fr_FR\" \/>\n<meta property=\"og:type\" content=\"article\" \/>\n<meta property=\"og:title\" content=\"Qualification mcf : comment le CNU \u00e9value-t-il ma candidature ? - Place plume\" \/>\n<meta property=\"og:description\" content=\"Comment le CNU \u00e9value-t-il ma candidature ? Comment r\u00e9ussir les qualifications ? D\u00e9couvrez tous mes conseils pour sortir du lot !\" \/>\n<meta property=\"og:url\" content=\"https:\/\/placeplume.com\/index.php\/2024\/02\/08\/qualification-mcf-comment-le-cnu-evalue-t-il-ma-candidature\/\" \/>\n<meta property=\"og:site_name\" content=\"Place plume\" \/>\n<meta property=\"article:publisher\" content=\"https:\/\/www.facebook.com\/placeplume21\" \/>\n<meta property=\"article:author\" content=\"https:\/\/www.facebook.com\/placeplume21\" \/>\n<meta property=\"article:published_time\" content=\"2024-02-08T08:00:00+00:00\" \/>\n<meta property=\"article:modified_time\" content=\"2024-10-09T12:51:30+00:00\" \/>\n<meta property=\"og:image\" content=\"https:\/\/placeplume.com\/wp-content\/uploads\/2024\/01\/crowd-1699137_1280.webp\" \/>\n\t<meta property=\"og:image:width\" content=\"1280\" \/>\n\t<meta property=\"og:image:height\" content=\"720\" \/>\n\t<meta property=\"og:image:type\" content=\"image\/webp\" \/>\n<meta name=\"author\" content=\"Cl\u00e9mence\" \/>\n<meta name=\"twitter:card\" content=\"summary_large_image\" \/>\n<meta name=\"twitter:creator\" content=\"@https:\/\/twitter.com\/place_plume\" \/>\n<meta name=\"twitter:site\" content=\"@place_plume\" \/>\n<meta name=\"twitter:label1\" content=\"\u00c9crit par\" \/>\n\t<meta name=\"twitter:data1\" content=\"Cl\u00e9mence\" \/>\n\t<meta name=\"twitter:label2\" content=\"Dur\u00e9e de lecture estim\u00e9e\" \/>\n\t<meta name=\"twitter:data2\" content=\"9 minutes\" \/>\n<script type=\"application\/ld+json\" class=\"yoast-schema-graph\">{\"@context\":\"https:\/\/schema.org\",\"@graph\":[{\"@type\":\"Article\",\"@id\":\"https:\/\/placeplume.com\/index.php\/2024\/02\/08\/qualification-mcf-comment-le-cnu-evalue-t-il-ma-candidature\/#article\",\"isPartOf\":{\"@id\":\"https:\/\/placeplume.com\/index.php\/2024\/02\/08\/qualification-mcf-comment-le-cnu-evalue-t-il-ma-candidature\/\"},\"author\":{\"name\":\"Cl\u00e9mence\",\"@id\":\"https:\/\/placeplume.com\/#\/schema\/person\/2615f17ae506f3aa9711091731b1aad8\"},\"headline\":\"Qualification mcf : comment le CNU \u00e9value-t-il ma candidature ?\",\"datePublished\":\"2024-02-08T08:00:00+00:00\",\"dateModified\":\"2024-10-09T12:51:30+00:00\",\"mainEntityOfPage\":{\"@id\":\"https:\/\/placeplume.com\/index.php\/2024\/02\/08\/qualification-mcf-comment-le-cnu-evalue-t-il-ma-candidature\/\"},\"wordCount\":2121,\"commentCount\":1,\"publisher\":{\"@id\":\"https:\/\/placeplume.com\/#organization\"},\"image\":{\"@id\":\"https:\/\/placeplume.com\/index.php\/2024\/02\/08\/qualification-mcf-comment-le-cnu-evalue-t-il-ma-candidature\/#primaryimage\"},\"thumbnailUrl\":\"https:\/\/placeplume.com\/wp-content\/uploads\/2024\/01\/crowd-1699137_1280.webp\",\"articleSection\":[\"Mes archives de doctorat\"],\"inLanguage\":\"fr-FR\",\"potentialAction\":[{\"@type\":\"CommentAction\",\"name\":\"Comment\",\"target\":[\"https:\/\/placeplume.com\/index.php\/2024\/02\/08\/qualification-mcf-comment-le-cnu-evalue-t-il-ma-candidature\/#respond\"]}]},{\"@type\":\"WebPage\",\"@id\":\"https:\/\/placeplume.com\/index.php\/2024\/02\/08\/qualification-mcf-comment-le-cnu-evalue-t-il-ma-candidature\/\",\"url\":\"https:\/\/placeplume.com\/index.php\/2024\/02\/08\/qualification-mcf-comment-le-cnu-evalue-t-il-ma-candidature\/\",\"name\":\"Qualification mcf : comment le CNU \u00e9value-t-il ma candidature ? - Place plume\",\"isPartOf\":{\"@id\":\"https:\/\/placeplume.com\/#website\"},\"primaryImageOfPage\":{\"@id\":\"https:\/\/placeplume.com\/index.php\/2024\/02\/08\/qualification-mcf-comment-le-cnu-evalue-t-il-ma-candidature\/#primaryimage\"},\"image\":{\"@id\":\"https:\/\/placeplume.com\/index.php\/2024\/02\/08\/qualification-mcf-comment-le-cnu-evalue-t-il-ma-candidature\/#primaryimage\"},\"thumbnailUrl\":\"https:\/\/placeplume.com\/wp-content\/uploads\/2024\/01\/crowd-1699137_1280.webp\",\"datePublished\":\"2024-02-08T08:00:00+00:00\",\"dateModified\":\"2024-10-09T12:51:30+00:00\",\"description\":\"Comment le CNU \u00e9value-t-il ma candidature ? Comment r\u00e9ussir les qualifications ? D\u00e9couvrez tous mes conseils pour sortir du lot !\",\"breadcrumb\":{\"@id\":\"https:\/\/placeplume.com\/index.php\/2024\/02\/08\/qualification-mcf-comment-le-cnu-evalue-t-il-ma-candidature\/#breadcrumb\"},\"inLanguage\":\"fr-FR\",\"potentialAction\":[{\"@type\":\"ReadAction\",\"target\":[\"https:\/\/placeplume.com\/index.php\/2024\/02\/08\/qualification-mcf-comment-le-cnu-evalue-t-il-ma-candidature\/\"]}]},{\"@type\":\"ImageObject\",\"inLanguage\":\"fr-FR\",\"@id\":\"https:\/\/placeplume.com\/index.php\/2024\/02\/08\/qualification-mcf-comment-le-cnu-evalue-t-il-ma-candidature\/#primaryimage\",\"url\":\"https:\/\/placeplume.com\/wp-content\/uploads\/2024\/01\/crowd-1699137_1280.webp\",\"contentUrl\":\"https:\/\/placeplume.com\/wp-content\/uploads\/2024\/01\/crowd-1699137_1280.webp\",\"width\":1280,\"height\":720,\"caption\":\"foule lego choix groupe de personnes r\u00e9sultat statistiques - comment r\u00e9ussir les qualifications des enseignants-chercheurs ?\"},{\"@type\":\"BreadcrumbList\",\"@id\":\"https:\/\/placeplume.com\/index.php\/2024\/02\/08\/qualification-mcf-comment-le-cnu-evalue-t-il-ma-candidature\/#breadcrumb\",\"itemListElement\":[{\"@type\":\"ListItem\",\"position\":1,\"name\":\"Home\",\"item\":\"https:\/\/placeplume.com\/\"},{\"@type\":\"ListItem\",\"position\":2,\"name\":\"Qualification mcf : comment le CNU \u00e9value-t-il ma candidature ?\"}]},{\"@type\":\"WebSite\",\"@id\":\"https:\/\/placeplume.com\/#website\",\"url\":\"https:\/\/placeplume.com\/\",\"name\":\"Place plume\",\"description\":\"\",\"publisher\":{\"@id\":\"https:\/\/placeplume.com\/#organization\"},\"potentialAction\":[{\"@type\":\"SearchAction\",\"target\":{\"@type\":\"EntryPoint\",\"urlTemplate\":\"https:\/\/placeplume.com\/?s={search_term_string}\"},\"query-input\":{\"@type\":\"PropertyValueSpecification\",\"valueRequired\":true,\"valueName\":\"search_term_string\"}}],\"inLanguage\":\"fr-FR\"},{\"@type\":\"Organization\",\"@id\":\"https:\/\/placeplume.com\/#organization\",\"name\":\"Place plume\",\"url\":\"https:\/\/placeplume.com\/\",\"logo\":{\"@type\":\"ImageObject\",\"inLanguage\":\"fr-FR\",\"@id\":\"https:\/\/placeplume.com\/#\/schema\/logo\/image\/\",\"url\":\"\",\"contentUrl\":\"\",\"caption\":\"Place plume\"},\"image\":{\"@id\":\"https:\/\/placeplume.com\/#\/schema\/logo\/image\/\"},\"sameAs\":[\"https:\/\/www.facebook.com\/placeplume21\",\"https:\/\/x.com\/place_plume\",\"https:\/\/www.instagram.com\/place_plume\/\",\"https:\/\/www.pinterest.fr\/place_plume\/_created\/\"]},{\"@type\":\"Person\",\"@id\":\"https:\/\/placeplume.com\/#\/schema\/person\/2615f17ae506f3aa9711091731b1aad8\",\"name\":\"Cl\u00e9mence\",\"image\":{\"@type\":\"ImageObject\",\"inLanguage\":\"fr-FR\",\"@id\":\"https:\/\/placeplume.com\/#\/schema\/person\/image\/\",\"url\":\"https:\/\/secure.gravatar.com\/avatar\/297b81361de9c285e204c9f23e76d71e0e73edceb407f4f15d855268c4c1d2d8?s=96&d=blank&r=g\",\"contentUrl\":\"https:\/\/secure.gravatar.com\/avatar\/297b81361de9c285e204c9f23e76d71e0e73edceb407f4f15d855268c4c1d2d8?s=96&d=blank&r=g\",\"caption\":\"Cl\u00e9mence\"},\"description\":\"Si tu veux r\u00e9agir sur cet article ou que tu veux poser une question, n'h\u00e9site pas \u00e0 poster un commentaire. Je te lirai avec plaisir. Tu peux aussi partager et t'abonner pour recevoir les nouveaux articles !\",\"sameAs\":[\"https:\/\/placeplume.com\/\",\"https:\/\/www.facebook.com\/placeplume21\",\"https:\/\/www.instagram.com\/place_plume\/\",\"https:\/\/www.linkedin.com\/in\/clmence-arnault-a16260b2\/\",\"https:\/\/www.pinterest.fr\/place_plume\/_created\/\",\"https:\/\/x.com\/https:\/\/twitter.com\/place_plume\"]}]}<\/script>\n<!-- \/ Yoast SEO plugin. -->","yoast_head_json":{"title":"Qualification mcf : comment le CNU \u00e9value-t-il ma candidature ? - Place plume","description":"Comment le CNU \u00e9value-t-il ma candidature ? Comment r\u00e9ussir les qualifications ? D\u00e9couvrez tous mes conseils pour sortir du lot !","robots":{"index":"index","follow":"follow","max-snippet":"max-snippet:-1","max-image-preview":"max-image-preview:large","max-video-preview":"max-video-preview:-1"},"canonical":"https:\/\/placeplume.com\/index.php\/2024\/02\/08\/qualification-mcf-comment-le-cnu-evalue-t-il-ma-candidature\/","og_locale":"fr_FR","og_type":"article","og_title":"Qualification mcf : comment le CNU \u00e9value-t-il ma candidature ? - Place plume","og_description":"Comment le CNU \u00e9value-t-il ma candidature ? Comment r\u00e9ussir les qualifications ? D\u00e9couvrez tous mes conseils pour sortir du lot !","og_url":"https:\/\/placeplume.com\/index.php\/2024\/02\/08\/qualification-mcf-comment-le-cnu-evalue-t-il-ma-candidature\/","og_site_name":"Place plume","article_publisher":"https:\/\/www.facebook.com\/placeplume21","article_author":"https:\/\/www.facebook.com\/placeplume21","article_published_time":"2024-02-08T08:00:00+00:00","article_modified_time":"2024-10-09T12:51:30+00:00","og_image":[{"width":1280,"height":720,"url":"https:\/\/placeplume.com\/wp-content\/uploads\/2024\/01\/crowd-1699137_1280.webp","type":"image\/webp"}],"author":"Cl\u00e9mence","twitter_card":"summary_large_image","twitter_creator":"@https:\/\/twitter.com\/place_plume","twitter_site":"@place_plume","twitter_misc":{"\u00c9crit par":"Cl\u00e9mence","Dur\u00e9e de lecture estim\u00e9e":"9 minutes"},"schema":{"@context":"https:\/\/schema.org","@graph":[{"@type":"Article","@id":"https:\/\/placeplume.com\/index.php\/2024\/02\/08\/qualification-mcf-comment-le-cnu-evalue-t-il-ma-candidature\/#article","isPartOf":{"@id":"https:\/\/placeplume.com\/index.php\/2024\/02\/08\/qualification-mcf-comment-le-cnu-evalue-t-il-ma-candidature\/"},"author":{"name":"Cl\u00e9mence","@id":"https:\/\/placeplume.com\/#\/schema\/person\/2615f17ae506f3aa9711091731b1aad8"},"headline":"Qualification mcf : comment le CNU \u00e9value-t-il ma candidature ?","datePublished":"2024-02-08T08:00:00+00:00","dateModified":"2024-10-09T12:51:30+00:00","mainEntityOfPage":{"@id":"https:\/\/placeplume.com\/index.php\/2024\/02\/08\/qualification-mcf-comment-le-cnu-evalue-t-il-ma-candidature\/"},"wordCount":2121,"commentCount":1,"publisher":{"@id":"https:\/\/placeplume.com\/#organization"},"image":{"@id":"https:\/\/placeplume.com\/index.php\/2024\/02\/08\/qualification-mcf-comment-le-cnu-evalue-t-il-ma-candidature\/#primaryimage"},"thumbnailUrl":"https:\/\/placeplume.com\/wp-content\/uploads\/2024\/01\/crowd-1699137_1280.webp","articleSection":["Mes archives de doctorat"],"inLanguage":"fr-FR","potentialAction":[{"@type":"CommentAction","name":"Comment","target":["https:\/\/placeplume.com\/index.php\/2024\/02\/08\/qualification-mcf-comment-le-cnu-evalue-t-il-ma-candidature\/#respond"]}]},{"@type":"WebPage","@id":"https:\/\/placeplume.com\/index.php\/2024\/02\/08\/qualification-mcf-comment-le-cnu-evalue-t-il-ma-candidature\/","url":"https:\/\/placeplume.com\/index.php\/2024\/02\/08\/qualification-mcf-comment-le-cnu-evalue-t-il-ma-candidature\/","name":"Qualification mcf : comment le CNU \u00e9value-t-il ma candidature ? - Place plume","isPartOf":{"@id":"https:\/\/placeplume.com\/#website"},"primaryImageOfPage":{"@id":"https:\/\/placeplume.com\/index.php\/2024\/02\/08\/qualification-mcf-comment-le-cnu-evalue-t-il-ma-candidature\/#primaryimage"},"image":{"@id":"https:\/\/placeplume.com\/index.php\/2024\/02\/08\/qualification-mcf-comment-le-cnu-evalue-t-il-ma-candidature\/#primaryimage"},"thumbnailUrl":"https:\/\/placeplume.com\/wp-content\/uploads\/2024\/01\/crowd-1699137_1280.webp","datePublished":"2024-02-08T08:00:00+00:00","dateModified":"2024-10-09T12:51:30+00:00","description":"Comment le CNU \u00e9value-t-il ma candidature ? Comment r\u00e9ussir les qualifications ? D\u00e9couvrez tous mes conseils pour sortir du lot !","breadcrumb":{"@id":"https:\/\/placeplume.com\/index.php\/2024\/02\/08\/qualification-mcf-comment-le-cnu-evalue-t-il-ma-candidature\/#breadcrumb"},"inLanguage":"fr-FR","potentialAction":[{"@type":"ReadAction","target":["https:\/\/placeplume.com\/index.php\/2024\/02\/08\/qualification-mcf-comment-le-cnu-evalue-t-il-ma-candidature\/"]}]},{"@type":"ImageObject","inLanguage":"fr-FR","@id":"https:\/\/placeplume.com\/index.php\/2024\/02\/08\/qualification-mcf-comment-le-cnu-evalue-t-il-ma-candidature\/#primaryimage","url":"https:\/\/placeplume.com\/wp-content\/uploads\/2024\/01\/crowd-1699137_1280.webp","contentUrl":"https:\/\/placeplume.com\/wp-content\/uploads\/2024\/01\/crowd-1699137_1280.webp","width":1280,"height":720,"caption":"foule lego choix groupe de personnes r\u00e9sultat statistiques - comment r\u00e9ussir les qualifications des enseignants-chercheurs ?"},{"@type":"BreadcrumbList","@id":"https:\/\/placeplume.com\/index.php\/2024\/02\/08\/qualification-mcf-comment-le-cnu-evalue-t-il-ma-candidature\/#breadcrumb","itemListElement":[{"@type":"ListItem","position":1,"name":"Home","item":"https:\/\/placeplume.com\/"},{"@type":"ListItem","position":2,"name":"Qualification mcf : comment le CNU \u00e9value-t-il ma candidature ?"}]},{"@type":"WebSite","@id":"https:\/\/placeplume.com\/#website","url":"https:\/\/placeplume.com\/","name":"Place plume","description":"","publisher":{"@id":"https:\/\/placeplume.com\/#organization"},"potentialAction":[{"@type":"SearchAction","target":{"@type":"EntryPoint","urlTemplate":"https:\/\/placeplume.com\/?s={search_term_string}"},"query-input":{"@type":"PropertyValueSpecification","valueRequired":true,"valueName":"search_term_string"}}],"inLanguage":"fr-FR"},{"@type":"Organization","@id":"https:\/\/placeplume.com\/#organization","name":"Place plume","url":"https:\/\/placeplume.com\/","logo":{"@type":"ImageObject","inLanguage":"fr-FR","@id":"https:\/\/placeplume.com\/#\/schema\/logo\/image\/","url":"","contentUrl":"","caption":"Place plume"},"image":{"@id":"https:\/\/placeplume.com\/#\/schema\/logo\/image\/"},"sameAs":["https:\/\/www.facebook.com\/placeplume21","https:\/\/x.com\/place_plume","https:\/\/www.instagram.com\/place_plume\/","https:\/\/www.pinterest.fr\/place_plume\/_created\/"]},{"@type":"Person","@id":"https:\/\/placeplume.com\/#\/schema\/person\/2615f17ae506f3aa9711091731b1aad8","name":"Cl\u00e9mence","image":{"@type":"ImageObject","inLanguage":"fr-FR","@id":"https:\/\/placeplume.com\/#\/schema\/person\/image\/","url":"https:\/\/secure.gravatar.com\/avatar\/297b81361de9c285e204c9f23e76d71e0e73edceb407f4f15d855268c4c1d2d8?s=96&d=blank&r=g","contentUrl":"https:\/\/secure.gravatar.com\/avatar\/297b81361de9c285e204c9f23e76d71e0e73edceb407f4f15d855268c4c1d2d8?s=96&d=blank&r=g","caption":"Cl\u00e9mence"},"description":"Si tu veux r\u00e9agir sur cet article ou que tu veux poser une question, n'h\u00e9site pas \u00e0 poster un commentaire. Je te lirai avec plaisir. Tu peux aussi partager et t'abonner pour recevoir les nouveaux articles !","sameAs":["https:\/\/placeplume.com\/","https:\/\/www.facebook.com\/placeplume21","https:\/\/www.instagram.com\/place_plume\/","https:\/\/www.linkedin.com\/in\/clmence-arnault-a16260b2\/","https:\/\/www.pinterest.fr\/place_plume\/_created\/","https:\/\/x.com\/https:\/\/twitter.com\/place_plume"]}]}},"_links":{"self":[{"href":"https:\/\/placeplume.com\/index.php\/wp-json\/wp\/v2\/posts\/15710","targetHints":{"allow":["GET"]}}],"collection":[{"href":"https:\/\/placeplume.com\/index.php\/wp-json\/wp\/v2\/posts"}],"about":[{"href":"https:\/\/placeplume.com\/index.php\/wp-json\/wp\/v2\/types\/post"}],"author":[{"embeddable":true,"href":"https:\/\/placeplume.com\/index.php\/wp-json\/wp\/v2\/users\/2"}],"replies":[{"embeddable":true,"href":"https:\/\/placeplume.com\/index.php\/wp-json\/wp\/v2\/comments?post=15710"}],"version-history":[{"count":311,"href":"https:\/\/placeplume.com\/index.php\/wp-json\/wp\/v2\/posts\/15710\/revisions"}],"predecessor-version":[{"id":17714,"href":"https:\/\/placeplume.com\/index.php\/wp-json\/wp\/v2\/posts\/15710\/revisions\/17714"}],"wp:featuredmedia":[{"embeddable":true,"href":"https:\/\/placeplume.com\/index.php\/wp-json\/wp\/v2\/media\/16958"}],"wp:attachment":[{"href":"https:\/\/placeplume.com\/index.php\/wp-json\/wp\/v2\/media?parent=15710"}],"wp:term":[{"taxonomy":"category","embeddable":true,"href":"https:\/\/placeplume.com\/index.php\/wp-json\/wp\/v2\/categories?post=15710"},{"taxonomy":"post_tag","embeddable":true,"href":"https:\/\/placeplume.com\/index.php\/wp-json\/wp\/v2\/tags?post=15710"}],"curies":[{"name":"wp","href":"https:\/\/api.w.org\/{rel}","templated":true}]}}